{"id":23911,"date":"2024-06-05T16:10:01","date_gmt":"2024-06-05T15:10:01","guid":{"rendered":"https:\/\/lightenjin.pt\/impacto-de-la-iluminacion-en-la-sociedad-actual\/"},"modified":"2024-06-05T16:10:01","modified_gmt":"2024-06-05T15:10:01","slug":"impacto-de-la-iluminacion-en-la-sociedad-actual","status":"publish","type":"post","link":"https:\/\/lightenjin.pt\/es\/impacto-de-la-iluminacion-en-la-sociedad-actual\/","title":{"rendered":"Impacto da ilumina\u00e7\u00e3o na sociedade atual"},"content":{"rendered":"<p>El tama\u00f1o de la poblaci\u00f3n es una de las m\u00e9tricas m\u00e1s importantes para el entendimiento humano y para calibrar estrategias a escala mundial, regional, nacional y local.<\/p>\n<p>Comprenderla ayuda a estimar el n\u00famero de seres humanos en el futuro para tejer estrategias socioecon\u00f3micas, medioambientales y demogr\u00e1ficas. La ONU lleva m\u00e1s de 50 a\u00f1os haciendo este trabajo y las \u00faltimas proyecciones dicen que en 2050 la poblaci\u00f3n mundial ser\u00e1 de 9.800 millones y en 2100 de unos 11.200 millones. <\/p>\n<p>En la actualidad, m\u00e1s del 50% de la poblaci\u00f3n mundial vive en zonas urbanas y consume entre el 60% y el 80% de la energ\u00eda; para 2050 se espera que alcance el 66%. Este aumento desencadena una mayor necesidad de construcci\u00f3n, que a su vez genera un aumento de las necesidades energ\u00e9ticas, donde la iluminaci\u00f3n es responsable del 20-25% de la energ\u00eda consumida y del 6% de las emisiones de CO<sub>2<\/sub> en todo el mundo. <\/p>\n<p>Con el crecimiento demogr\u00e1fico localizado, se generan presiones estrat\u00e9gicas para implantar tecnolog\u00edas m\u00e1s eficientes en el mercado. En la \u00faltima d\u00e9cada, Lightenjin, como <em>actor <\/em>en el mercado de la iluminaci\u00f3n, ha impulsado el cambio hacia la transici\u00f3n energ\u00e9tica con la sustituci\u00f3n de las tecnolog\u00edas \u00abanal\u00f3gicas\u00bb convencionales por la implantaci\u00f3n de tecnolog\u00edas \u00abdigitales\u00bb, donde la creciente eficiencia energ\u00e9tica de la tecnolog\u00eda LED, unida a su larga vida \u00fatil (50.000 a 100.000 horas), proporcionan razones m\u00e1s que v\u00e1lidas para su implantaci\u00f3n. <\/p>\n<p>Hoy en d\u00eda, la imposici\u00f3n se basa en un cambio de paradigma en la funci\u00f3n de la iluminaci\u00f3n. La multifuncionalidad asociada al elemento que proporciona iluminaci\u00f3n va m\u00e1s all\u00e1 de la condici\u00f3n de proporcionar niveles de iluminaci\u00f3n necesarios para realizar tareas y promover la seguridad. Hoy trabajamos la iluminaci\u00f3n desde la perspectiva de un elemento facilitador, para dar respuesta a las necesidades humanas y animales, a nivel alimentario, en la prevenci\u00f3n y control de la propagaci\u00f3n de virus y bacterias.  <\/p>\n<p>Actualmente, uno de los retos es mejorar la eficiencia energ\u00e9tica para reducir el consumo derivado de la iluminaci\u00f3n y utilizar esta energ\u00eda para funciones mayores. En todo el mundo hay alrededor de 320 millones de puntos de iluminaci\u00f3n y se espera que en 2027 haya alrededor de 363 millones. De estos puntos de iluminaci\u00f3n, actualmente, menos del 5% integran sistemas de control. Las proyecciones indican un aumento de alrededor del 30% para finales de 2027. Tambi\u00e9n se sabe que la integraci\u00f3n de sistemas de control en las v\u00edas p\u00fablicas podr\u00eda reducir el consumo energ\u00e9tico hasta en un 30%. Si hacemos el mismo ejercicio en t\u00e9rminos de edificios, las reducciones podr\u00edan ser mayores.     <\/p>\n<p>Si se confirman las proyecciones de crecimiento poblacional, estas reducciones podr\u00edan servir para iluminar lugares con masas demogr\u00e1ficas notables, diferentes a la realidad actual. Podr\u00eda tambi\u00e9n responder a una necesidad de crear espacios\/medios en las ciudades, mediante iluminaci\u00f3n artificial personalizada, que favorezca el crecimiento de productos de primera necesidad para eliminar carencias alimentarias derivadas del crecimiento poblacional, dif\u00edciles de cubrir con producci\u00f3n rural sostenible. Por ejemplo, Taiw\u00e1n est\u00e1 integrando granjas en estaciones de metro subterr\u00e1neas para cultivar verduras sin utilizar pesticidas y de forma sostenible.  <\/p>\n<p>Otro gran reto es promover una iluminaci\u00f3n de calidad en los espacios de trabajo, capaz de controlar nuestro ritmo circadiano. El ciclo de despertarse con el Sol, trabajar bajo el Sol y acostarse al atardecer es un ciclo intr\u00ednseco al ciclo natural del ser humano. Con el descubrimiento de la bombilla, este ciclo permiti\u00f3 al ser humano vivir 24 horas al d\u00eda bajo exposici\u00f3n regular a la intensidad y temperatura del color. Ahora sabemos que en la retina existen c\u00e9lulas fotosensibles (ipRGC), encargadas de regular nuestro reloj biol\u00f3gico. La excitaci\u00f3n dirigida de estas c\u00e9lulas puede suprimir la producci\u00f3n de melatonina y favorecer la producci\u00f3n de dopamina, serotonina y cortisol. La exposici\u00f3n a la iluminaci\u00f3n con un mayor componente azul durante el d\u00eda puede promover el estado de alerta y aumentar la productividad. La exposici\u00f3n a una iluminaci\u00f3n con mayor componente amarillo favorece la producci\u00f3n de melatonina para promover etapas de relajaci\u00f3n. Gracias a los avances en la tecnolog\u00eda LED, es posible personalizar los espectros de luz con regulaci\u00f3n de la temperatura de color para adoptar el espectro de luz natural. La intensidad de la luz tambi\u00e9n debe ajustarse a una curva gaussiana para imitar el perfil de intensidad del Sol. Hoy en d\u00eda, dado el contexto de exposici\u00f3n limitada y la baja calidad de la luz natural, pasamos alrededor del <em>90%<\/em> de nuestro tiempo en espacios interiores. Es importante contar con sistemas de iluminaci\u00f3n que puedan regular la intensidad y la temperatura de color, con vistas a simular el perfil de la curva de respuesta del principal mediador del ritmo circadiano, el Sol. La instalaci\u00f3n de sistemas de iluminaci\u00f3n que favorezcan el control del ritmo circadiano es tan importante que puede interpretarse como un elemento preventivo en el desarrollo de enfermedades relacionadas con la salud cardiovascular, reproductiva, mental, gastrointestinal e incluso el desarrollo de c\u00e1ncer.          <\/p>\n<p>De la misma manera que ciertas longitudes de onda favorecen nuestro bienestar, tambi\u00e9n hay longitudes de onda responsables de romper los enlaces del ADN, conduciendo a la muerte celular. Estas longitudes de onda (radiaci\u00f3n UVC\/B) se pueden utilizar para la inactivaci\u00f3n f\u00edsica de virus y bacterias. Sin exposici\u00f3n humana a este tipo de radiaci\u00f3n.  <\/p>\n<p>En Lightenjin, el estudio de las diferentes longitudes de onda es hoy un campo de investigaci\u00f3n para dar respuesta a las necesidades de la sociedad actual y futura. La posibilidad de seleccionar \u00e9stos, ligados a sistemas de control, hace de la iluminaci\u00f3n un sistema multifuncional con muchas potencialidades a\u00fan por explorar. <\/p>\n<p style=\"padding-left: 40px;\"><strong><em>V\u00e2nia Freitas<\/em><\/strong><br \/>\n<em>Coordinadora de IDI en Lightenjin<\/em><\/p>\n<p>&nbsp;<\/p>\n<hr>\n<p>Vea las p\u00e1ginas de la revista aqu\u00ed &#8211; <a href=\"https:\/\/lightenjin.pt\/pdfs\/revista-rede-do-empresario-2024-06.pdf\">https:\/\/lightenjin.pt\/pdfs\/revista-rede-do-empresario-2024-06.pdf<\/a><a href=\"https:\/\/lightenjin.pt\/pdfs\/revista-rede-do-empresario-2024-06.pdf\" rel=\"attachment wp-att-20548\"><img fetchpriority=\"high\" decoding=\"async\" class=\"aligncenter wp-image-20555 size-large\" src=\"https:\/\/lightenjin.pt\/wp-content\/uploads\/2024\/06\/revista-rede-do-empresario_2024-06-1024x634.webp\" alt=\"revista-rede-do-empresario\" width=\"1024\" height=\"634\" title=\"\" srcset=\"https:\/\/lightenjin.pt\/wp-content\/uploads\/2024\/06\/revista-rede-do-empresario_2024-06-1024x634.webp 1024w, https:\/\/lightenjin.pt\/wp-content\/uploads\/2024\/06\/revista-rede-do-empresario_2024-06-768x475.webp 768w, https:\/\/lightenjin.pt\/wp-content\/uploads\/2024\/06\/revista-rede-do-empresario_2024-06-640x396.webp 640w, https:\/\/lightenjin.pt\/wp-content\/uploads\/2024\/06\/revista-rede-do-empresario_2024-06-400x247.webp 400w, https:\/\/lightenjin.pt\/wp-content\/uploads\/2024\/06\/revista-rede-do-empresario_2024-06-367x227.webp 367w, https:\/\/lightenjin.pt\/wp-content\/uploads\/2024\/06\/revista-rede-do-empresario_2024-06-600x371.webp 600w\" sizes=\"(max-width: 1024px) 100vw, 1024px\" \/><\/a><\/p>\n<p>&nbsp;<\/p>\n","protected":false},"excerpt":{"rendered":"<p>Art\u00edculo de V\u00e2nia Freitas (Coordinadora de IDI en Lightenjin) en la revista digital \u00abRede do Empres\u00e1rio &#8211; Business and Science Networks\u00bb<\/p>\n","protected":false},"author":1,"featured_media":20558,"comment_status":"closed","ping_status":"closed","sticky":false,"template":"","format":"standard","meta":{"iawp_total_views":3,"footnotes":""},"categories":[740],"tags":[827],"class_list":["post-23911","post","type-post","status-publish","format-standard","has-post-thumbnail","hentry","category-noticias-es","tag-temas"],"featured_image_src":{"landsacpe":["https:\/\/lightenjin.pt\/wp-content\/uploads\/2024\/06\/revista-rede-do-empresario_2024-06-1140x445.webp",1140,445,true],"list":["https:\/\/lightenjin.pt\/wp-content\/uploads\/2024\/06\/revista-rede-do-empresario_2024-06-463x348.webp",463,348,true],"medium":["https:\/\/lightenjin.pt\/wp-content\/uploads\/2024\/06\/revista-rede-do-empresario_2024-06-300x186.webp",300,186,true],"full":["https:\/\/lightenjin.pt\/wp-content\/uploads\/2024\/06\/revista-rede-do-empresario_2024-06.webp",1500,928,false]},"_links":{"self":[{"href":"https:\/\/lightenjin.pt\/es\/wp-json\/wp\/v2\/posts\/23911","targetHints":{"allow":["GET"]}}],"collection":[{"href":"https:\/\/lightenjin.pt\/es\/wp-json\/wp\/v2\/posts"}],"about":[{"href":"https:\/\/lightenjin.pt\/es\/wp-json\/wp\/v2\/types\/post"}],"author":[{"embeddable":true,"href":"https:\/\/lightenjin.pt\/es\/wp-json\/wp\/v2\/users\/1"}],"replies":[{"embeddable":true,"href":"https:\/\/lightenjin.pt\/es\/wp-json\/wp\/v2\/comments?post=23911"}],"version-history":[{"count":0,"href":"https:\/\/lightenjin.pt\/es\/wp-json\/wp\/v2\/posts\/23911\/revisions"}],"wp:featuredmedia":[{"embeddable":true,"href":"https:\/\/lightenjin.pt\/es\/wp-json\/wp\/v2\/media\/20558"}],"wp:attachment":[{"href":"https:\/\/lightenjin.pt\/es\/wp-json\/wp\/v2\/media?parent=23911"}],"wp:term":[{"taxonomy":"category","embeddable":true,"href":"https:\/\/lightenjin.pt\/es\/wp-json\/wp\/v2\/categories?post=23911"},{"taxonomy":"post_tag","embeddable":true,"href":"https:\/\/lightenjin.pt\/es\/wp-json\/wp\/v2\/tags?post=23911"}],"curies":[{"name":"wp","href":"https:\/\/api.w.org\/{rel}","templated":true}]}}